{"id":3385,"date":"2026-04-28T20:45:24","date_gmt":"2026-04-28T18:45:24","guid":{"rendered":"https:\/\/africpulse.com\/index.php\/2026\/04\/28\/attaques-au-mali-le-chef-de-la-junte-assimi-goita-reconnait-une-situation-dextreme-gravite\/"},"modified":"2026-04-28T20:45:24","modified_gmt":"2026-04-28T18:45:24","slug":"attaques-au-mali-le-chef-de-la-junte-assimi-goita-reconnait-une-situation-dextreme-gravite","status":"publish","type":"post","link":"https:\/\/africpulse.com\/index.php\/2026\/04\/28\/attaques-au-mali-le-chef-de-la-junte-assimi-goita-reconnait-une-situation-dextreme-gravite\/","title":{"rendered":"Attaques au Mali\u00a0: le chef de la junte Assimi Go\u00efta reconna\u00eet une situation &#8220;d&#8217;extr\u00eame gravit\u00e9&#8221;"},"content":{"rendered":"<p>Il a pris la parole pour la premi\u00e8re fois depuis le d\u00e9but des attaques lanc\u00e9es conjointement par les rebelles touareg et les jihadistes du Jnim.<\/p>","protected":false},"excerpt":{"rendered":"<p>Il a pris la parole pour la premi\u00e8re fois depuis le d\u00e9but&hellip;<\/p>\n","protected":false},"author":0,"featured_media":3386,"comment_status":"open","ping_status":"open","sticky":false,"template":"","format":"standard","meta":{"footnotes":""},"categories":[1],"tags":[],"aioseo_notices":[],"_links":{"self":[{"href":"https:\/\/africpulse.com\/index.php\/wp-json\/wp\/v2\/posts\/3385"}],"collection":[{"href":"https:\/\/africpulse.com\/index.php\/wp-json\/wp\/v2\/posts"}],"about":[{"href":"https:\/\/africpulse.com\/index.php\/wp-json\/wp\/v2\/types\/post"}],"replies":[{"embeddable":true,"href":"https:\/\/africpulse.com\/index.php\/wp-json\/wp\/v2\/comments?post=3385"}],"version-history":[{"count":0,"href":"https:\/\/africpulse.com\/index.php\/wp-json\/wp\/v2\/posts\/3385\/revisions"}],"wp:featuredmedia":[{"embeddable":true,"href":"https:\/\/africpulse.com\/index.php\/wp-json\/wp\/v2\/media\/3386"}],"wp:attachment":[{"href":"https:\/\/africpulse.com\/index.php\/wp-json\/wp\/v2\/media?parent=3385"}],"wp:term":[{"taxonomy":"category","embeddable":true,"href":"https:\/\/africpulse.com\/index.php\/wp-json\/wp\/v2\/categories?post=3385"},{"taxonomy":"post_tag","embeddable":true,"href":"https:\/\/africpulse.com\/index.php\/wp-json\/wp\/v2\/tags?post=3385"}],"curies":[{"name":"wp","href":"https:\/\/api.w.org\/{rel}","templated":true}]}}