{"id":3359,"date":"2026-04-27T07:21:33","date_gmt":"2026-04-27T05:21:33","guid":{"rendered":"https:\/\/africpulse.com\/index.php\/2026\/04\/27\/combats-au-mali-le-ministre-de-la-defense-tue\/"},"modified":"2026-04-27T07:21:33","modified_gmt":"2026-04-27T05:21:33","slug":"combats-au-mali-le-ministre-de-la-defense-tue","status":"publish","type":"post","link":"https:\/\/africpulse.com\/index.php\/2026\/04\/27\/combats-au-mali-le-ministre-de-la-defense-tue\/","title":{"rendered":"Combats au Mali : le ministre de la D\u00e9fense tu\u00e9"},"content":{"rendered":"<p>Le ministre de la D\u00e9fense malien a \u00e9t\u00e9 tu\u00e9 dans une attaque, apr\u00e8s une s\u00e9rie de violences coordonn\u00e9es sans pr\u00e9c\u00e9dent.<\/p>","protected":false},"excerpt":{"rendered":"<p>Le ministre de la D\u00e9fense malien a \u00e9t\u00e9 tu\u00e9 dans une attaque,&hellip;<\/p>\n","protected":false},"author":0,"featured_media":3360,"comment_status":"open","ping_status":"open","sticky":false,"template":"","format":"standard","meta":{"footnotes":""},"categories":[1],"tags":[],"aioseo_notices":[],"_links":{"self":[{"href":"https:\/\/africpulse.com\/index.php\/wp-json\/wp\/v2\/posts\/3359"}],"collection":[{"href":"https:\/\/africpulse.com\/index.php\/wp-json\/wp\/v2\/posts"}],"about":[{"href":"https:\/\/africpulse.com\/index.php\/wp-json\/wp\/v2\/types\/post"}],"replies":[{"embeddable":true,"href":"https:\/\/africpulse.com\/index.php\/wp-json\/wp\/v2\/comments?post=3359"}],"version-history":[{"count":0,"href":"https:\/\/africpulse.com\/index.php\/wp-json\/wp\/v2\/posts\/3359\/revisions"}],"wp:featuredmedia":[{"embeddable":true,"href":"https:\/\/africpulse.com\/index.php\/wp-json\/wp\/v2\/media\/3360"}],"wp:attachment":[{"href":"https:\/\/africpulse.com\/index.php\/wp-json\/wp\/v2\/media?parent=3359"}],"wp:term":[{"taxonomy":"category","embeddable":true,"href":"https:\/\/africpulse.com\/index.php\/wp-json\/wp\/v2\/categories?post=3359"},{"taxonomy":"post_tag","embeddable":true,"href":"https:\/\/africpulse.com\/index.php\/wp-json\/wp\/v2\/tags?post=3359"}],"curies":[{"name":"wp","href":"https:\/\/api.w.org\/{rel}","templated":true}]}}